[{"@context":"https:\/\/schema.org\/","@type":"Article","@id":"https:\/\/www.realfa.cz\/krasne-tetovani\/#Article","mainEntityOfPage":"https:\/\/www.realfa.cz\/krasne-tetovani\/","headline":"Kr\u00e1sn\u00e9 tetov\u00e1n\u00ed","name":"Kr\u00e1sn\u00e9 tetov\u00e1n\u00ed","description":"Kdy\u017e mi bylo t\u0159in\u00e1ct nebo patn\u00e1ct let, tak jsem se \u00fapln\u011b zamilovala do tetov\u00e1n\u00ed. A tetov\u00e1n\u00ed jsem poprv\u00e9 vid\u011bla na sv\u00e9m bratranci, kter\u00fd je o \u0161est let star\u0161\u00ed ne\u017e j\u00e1, tak\u017ee si ho mohl dovolit. A proto\u017ee v t\u00e9 dob\u011b, kdy\u017e jsem to tetov\u00e1n\u00ed cht\u011bla taky sama pro sebe, tak to je\u0161t\u011b ne\u0161lo. Mysl\u00edm si, \u017ee v dne\u0161n\u00ed dob\u011b to u\u017e m\u016f\u017ee m\u00edt klidn\u011b i desetilet\u00e9 d\u00edt\u011b, pokud mu to...","datePublished":"2023-02-28","dateModified":"2023-05-22","author":{"@type":"Person","@id":"https:\/\/www.realfa.cz\/author\/#Person","name":"","url":"https:\/\/www.realfa.cz\/author\/","identifier":1,"image":{"@type":"ImageObject","@id":"https:\/\/secure.gravatar.com\/avatar\/014a645f9f16d49aceddb25e316448c724bd78e7db0ee7a34c29417d5ca39ef1?s=96&d=mm&r=g","url":"https:\/\/secure.gravatar.com\/avatar\/014a645f9f16d49aceddb25e316448c724bd78e7db0ee7a34c29417d5ca39ef1?s=96&d=mm&r=g","height":96,"width":96}},"publisher":{"@type":"Organization","name":"realfa.cz","logo":{"@type":"ImageObject","@id":"\/logo.png","url":"\/logo.png","width":600,"height":60}},"image":{"@type":"ImageObject","@id":"https:\/\/www.realfa.cz\/wp-content\/uploads\/woman-1846127_960_720_3.jpg","url":"https:\/\/www.realfa.cz\/wp-content\/uploads\/woman-1846127_960_720_3.jpg","height":0,"width":0},"url":"https:\/\/www.realfa.cz\/krasne-tetovani\/","about":["Kr\u00e1sa"],"wordCount":443,"articleBody":"Kdy\u017e mi bylo t\u0159in\u00e1ct nebo patn\u00e1ct let, tak jsem se \u00fapln\u011b zamilovala do tetov\u00e1n\u00ed. A tetov\u00e1n\u00ed jsem poprv\u00e9 vid\u011bla na sv\u00e9m bratranci, kter\u00fd je o \u0161est let star\u0161\u00ed ne\u017e j\u00e1, tak\u017ee si ho mohl dovolit. A proto\u017ee v t\u00e9 dob\u011b, kdy\u017e jsem to tetov\u00e1n\u00ed cht\u011bla taky sama pro sebe, tak to je\u0161t\u011b ne\u0161lo. Mysl\u00edm si, \u017ee v dne\u0161n\u00ed dob\u011b to u\u017e m\u016f\u017ee m\u00edt klidn\u011b i desetilet\u00e9 d\u00edt\u011b, pokud mu to n\u011bkdo na\u010derno d\u011bl\u00e1. Proto\u017ee jsem si jist\u00e1 t\u00edm, \u017ee leg\u00e1ln\u011b by to desetilet\u00e9 d\u00edt\u011b samoz\u0159ejm\u011b m\u00edt nemohlo. A l\u00edb\u00ed se v\u00e1m taky tetov\u00e1n\u00ed? Mysl\u00edte si, \u017ee tetov\u00e1n\u00ed je kr\u00e1sn\u00e9? A je opravdu mnoho lid\u00ed a tak\u00e9 mnoho n\u00e1zor\u016f, kter\u00e9 se t\u00fdkaj\u00ed zrovna tetov\u00e1n\u00ed. D\u0159\u00edve to bylo takov\u00e9, \u017ee kdo m\u011bl tetov\u00e1n\u00ed, tak byl krimin\u00e1ln\u00edk. J\u00e1 tomu u\u017e nev\u011b\u0159\u00edm, ale opravdu to tak d\u0159\u00edve bylo, proto\u017ee d\u0159\u00edve jsme tetovali jenom trestanci. Mysl\u00edm si, \u017ee u\u017e je to minulost a tetov\u00e1n\u00ed u\u017e m\u00e1 opravdu kde kdo. A u\u017e dokonce i kr\u00e1sn\u00e9 skv\u011bl\u00e9 modelky maj\u00ed taky tetov\u00e1n\u00ed anebo n\u011b\u017en\u00e9 here\u010dky to taky maj\u00ed. A j\u00e1 je\u0161t\u011b tetov\u00e1n\u00ed nem\u00e1m a je mi t\u0159icet dva let. Ale st\u00e1le o n\u011bm uva\u017euji. Jen\u017ee m\u00e1m taky strach z bolesti. Jenom\u017ee se boj\u00edm, \u017ee potom to tetov\u00e1n\u00ed vyjde z m\u00f3dy a j\u00e1 pak nebudu kr\u00e1sn\u00e1. L\u00edb\u00ed se mi kr\u00e1sn\u00e1 k\u016f\u017ee, proto\u017ee jsem taky cht\u011bla m\u00edt na zadku mal\u00e9 srd\u00ed\u010dko. Vtipn\u00e9, co? Cht\u011bla jsem taky jenom mal\u00e9 srd\u00ed\u010dko tetov\u00e1n\u00ed, proto\u017ee se taky boj\u00edm, \u017ee se mi potom p\u0159estane l\u00edbit anebo absolutn\u011b nev\u00edm, jak na m\u011b tetov\u00e1n\u00ed bude vypadat t\u0159eba v sedmdes\u00e1ti letech. Mysl\u00edm se, \u017ee kdo si d\u00e1 n\u011bjak\u00e9 bl\u00e1zniv\u00e9 tetov\u00e1n\u00ed ve 2dvaceti letech, tak nev\u00edm, co bude d\u011blat potom, kdy\u017e jim bude t\u0159eba \u0161edes\u00e1t nebo sedmdes\u00e1t let. To bude asi hodn\u011b vtipn\u00e9 a docela by m\u011b to zaj\u00edmalo. A v\u011b\u0159te mi, \u017ee\u00a0odstra\u0148ov\u00e1n\u00ed\u00a0tetov\u00e1n\u00ed je opravdu\u00a0dost\u00a0bolestiv\u00e9.\u00a0Tohle\u00a0mi \u0159ekla\u00a0m\u016fj\u00a0bratr, kter\u00fd si\u00a0taky\u00a0nechal\u00a0odstranit\u00a0tetov\u00e1n\u00ed, kter\u00e9 si dal jako mlad\u00fd kluk na vysok\u00e9 \u0161kole a u\u017e po n\u011bm netou\u017e\u00ed. M\u00e1 na n\u011bj pr\u00fd \u0161patn\u00e9\u00a0vzpom\u00ednky. Ale\u00a0jinak\u00a0tetov\u00e1n\u00ed kr\u00e1sn\u00e9 je.\u00a0                                                                                                                                                                                                                                                                                                                                                                                        4.3\/5 - (10 votes)        "},{"@context":"https:\/\/schema.org\/","@type":"BreadcrumbList","itemListElement":[{"@type":"ListItem","position":1,"name":"Kr\u00e1sn\u00e9 tetov\u00e1n\u00ed","item":"https:\/\/www.realfa.cz\/krasne-tetovani\/#breadcrumbitem"}]}]