[{"@context":"https:\/\/schema.org\/","@type":"Article","@id":"https:\/\/www.realfa.cz\/naucte-se-plavat\/#Article","mainEntityOfPage":"https:\/\/www.realfa.cz\/naucte-se-plavat\/","headline":"Nau\u010dte se plavat","name":"Nau\u010dte se plavat","description":"Tak\u00e9 se chyst\u00e1te n\u011bkam na dovolenou? Je l\u00e9to a mysl\u00edm si, \u017ee je opravdu hodn\u011b lid\u00ed, kte\u0159\u00ed u\u017e by cht\u011bli vyu\u017e\u00edvat sv\u00e9 voln\u00e9 \u010dasy. U\u017e\u00edvat si a odpo\u010d\u00edvat. Mysl\u00edm si, \u017ee nejsem jedin\u00fd \u010dlov\u011bk, kter\u00fd tak\u00e9 kdysi mo\u017en\u00e1 chodil i na n\u011bjak\u00e9 lekce plav\u00e1n\u00ed. Ano, p\u0159izn\u00e1m se, kdy\u017e mi bylo asi dvan\u00e1ct anebo t\u0159in\u00e1ct let, tak jsem takhle jako teenager chodila na kurzy plav\u00e1n\u00ed. A proto\u017ee bydl\u00edm v Praze, tak...","datePublished":"2025-06-10","dateModified":"2025-06-10","author":{"@type":"Person","@id":"https:\/\/www.realfa.cz\/author\/#Person","name":"","url":"https:\/\/www.realfa.cz\/author\/","identifier":1,"image":{"@type":"ImageObject","@id":"https:\/\/secure.gravatar.com\/avatar\/014a645f9f16d49aceddb25e316448c724bd78e7db0ee7a34c29417d5ca39ef1?s=96&d=mm&r=g","url":"https:\/\/secure.gravatar.com\/avatar\/014a645f9f16d49aceddb25e316448c724bd78e7db0ee7a34c29417d5ca39ef1?s=96&d=mm&r=g","height":96,"width":96}},"publisher":{"@type":"Organization","name":"realfa.cz","logo":{"@type":"ImageObject","@id":"\/logo.png","url":"\/logo.png","width":600,"height":60}},"image":{"@type":"ImageObject","@id":"https:\/\/www.realfa.cz\/wp-content\/uploads\/kurz_1.jpg","url":"https:\/\/www.realfa.cz\/wp-content\/uploads\/kurz_1.jpg","height":0,"width":0},"url":"https:\/\/www.realfa.cz\/naucte-se-plavat\/","about":["Business"],"wordCount":442,"articleBody":"      Tak\u00e9 se chyst\u00e1te n\u011bkam na dovolenou? Je l\u00e9to a mysl\u00edm si, \u017ee je opravdu hodn\u011b lid\u00ed, kte\u0159\u00ed u\u017e by cht\u011bli vyu\u017e\u00edvat sv\u00e9 voln\u00e9 \u010dasy. U\u017e\u00edvat si a odpo\u010d\u00edvat. Mysl\u00edm si, \u017ee nejsem jedin\u00fd \u010dlov\u011bk, kter\u00fd tak\u00e9 kdysi mo\u017en\u00e1 chodil i na n\u011bjak\u00e9 lekce plav\u00e1n\u00ed. Ano, p\u0159izn\u00e1m se, kdy\u017e mi bylo asi dvan\u00e1ct anebo t\u0159in\u00e1ct let, tak jsem takhle jako teenager chodila na kurzy plav\u00e1n\u00ed. A proto\u017ee bydl\u00edm v Praze, tak jsem si sehnala opravdu kvalitn\u00ed pra\u017esk\u00e9 kurzy plav\u00e1n\u00ed. Mysl\u00edm si, \u017ee je opravdu hodn\u011b lid\u00ed, kte\u0159\u00ed t\u0159eba ani neum\u00ed plavat. Ale n\u011bkdo se za to opravdu hodn\u011b styd\u00ed. Je mnoho lid\u00ed, kte\u0159\u00ed se styd\u00ed za to, \u017ee neum\u00ed plavat, ale zase v\u016fbec nemaj\u00ed pen\u00edze na to, aby si zaplatili n\u011bjak\u00e9 kvalitn\u00ed individu\u00e1ln\u00ed kurzy plav\u00e1n\u00ed.Individu\u00e1ln\u00ed v\u00fduka plav\u00e1n\u00ed v Praze je opravdu perfektn\u00ed a vyplat\u00ed se to. Nemus\u00edte se v\u016fbec ob\u00e1vat. Moje kamar\u00e1dka mi nap\u0159\u00edklad \u0159ekla, \u017ee by se do individu\u00e1ln\u00ed v\u00fduky plav\u00e1n\u00ed v Praze cht\u011bla p\u0159ihl\u00e1sit, ale ona sama \u0159\u00edk\u00e1, \u017ee kdy\u017e u\u017e j\u00ed je p\u011btadvacet let a neum\u00ed plavat, \u017ee se j\u00ed n\u011bkdo bude sm\u00e1t, tady ale se kamar\u00e1dka v\u016fbec nemus\u00ed b\u00e1t. Tady se j\u00ed absolutn\u011b nikdo sm\u00e1t nebude, sp\u00ed\u0161e naopak, proto\u017ee kdy\u017e \u010dlov\u011bk chce na sob\u011b pracovat a chce n\u011bco zlep\u0161it. Nebo se chci n\u011bco nau\u010dit, tak samoz\u0159ejm\u011b, \u017ee se to nenau\u010d\u00ed jenom tak ze sp\u00e1nku. \u010clov\u011bk se mus\u00ed sna\u017eit, \u010dlov\u011bk mus\u00ed pro sebe n\u011bco d\u011blat a tak\u00e9 \u010dlov\u011bk do sebe mus\u00ed zainvestovat pen\u00edze. A j\u00e1 jsem chodila u\u017e na kurzy angli\u010dtiny a tak\u00e9 na kurzy ital\u0161tiny. A proto\u017ee jsem se cht\u011bla zlep\u0161it v plav\u00e1n\u00ed, cht\u011bla jsem l\u00e9pe um\u011bt kraula, tak jsem se potom tak\u00e9 p\u0159ihl\u00e1sila v Praze na individu\u00e1ln\u00ed v\u00fduku plav\u00e1n\u00ed. A kdy\u017e jsem tam u\u017e byla n\u011bkolikr\u00e1t, tak mus\u00edm uznat, \u017ee jsem byla opravdu maxim\u00e1ln\u011b spokojen\u00e1. Je to opravdu skv\u011bl\u00e9. Nemus\u00edte se b\u00e1t za ty pen\u00edze, to rozhodn\u011b stoj\u00ed a vy se nau\u010d\u00edte opravdu skv\u011ble, a hlavn\u011b spr\u00e1vn\u011b plavat. A pokud tam nechcete j\u00edt sami, tak bude nejlep\u0161\u00ed, kdy\u017e si vezmete s sebou partnera anebo klidn\u011b i nejlep\u0161\u00ed kamar\u00e1dku. Individu\u00e1ln\u00ed v\u00fduka plav\u00e1n\u00ed v Praze je hodn\u011b popul\u00e1rn\u00ed.                                                                                                                                                                                                                                                                                                                                                                                           4.8\/5 - (5 votes)        "},{"@context":"https:\/\/schema.org\/","@type":"BreadcrumbList","itemListElement":[{"@type":"ListItem","position":1,"name":"Nau\u010dte se plavat","item":"https:\/\/www.realfa.cz\/naucte-se-plavat\/#breadcrumbitem"}]}]