[{"@context":"https:\/\/schema.org\/","@type":"Article","@id":"https:\/\/www.realfa.cz\/proc-nam-vyhovuje-barva-osvetleni-budov-sodikovymi-vybojkami\/#Article","mainEntityOfPage":"https:\/\/www.realfa.cz\/proc-nam-vyhovuje-barva-osvetleni-budov-sodikovymi-vybojkami\/","headline":"Pro\u010d n\u00e1m vyhovuje barva osv\u011btlen\u00ed budov sod\u00edkov\u00fdmi v\u00fdbojkami","name":"Pro\u010d n\u00e1m vyhovuje barva osv\u011btlen\u00ed budov sod\u00edkov\u00fdmi v\u00fdbojkami","description":"Pouli\u010dn\u00ed osv\u011btlen\u00ed historick\u00fdch center m\u011bstsk\u00fdch pam\u00e1tkov\u00fdch rezervac\u00ed m\u00e1 sv\u00e9 osobit\u00e9 kouzlo, na n\u011b\u017e jsme si v pr\u016fb\u011bhu des\u00edtek let ji\u017e zvykli a pova\u017eujeme jej za p\u0159irozenou sou\u010d\u00e1st m\u011bstsk\u00e9ho koloritu. Mnoz\u00ed z n\u00e1s si ov\u0161em neuv\u011bdomuj\u00ed, \u017ee pr\u00e1v\u011b typick\u00fd, p\u0159\u00edjemn\u00fd tepl\u00fd odst\u00edn barvy b\u00edl\u00e9ho sv\u011btla vyza\u0159uje mnohdy \u010dasto opom\u00edjen\u00e1 nebo kritizovan\u00e1 sod\u00edkov\u00e1 v\u00fdbojka . Neb\u00fdt tohoto podstatn\u00e9ho prvku, p\u0159i\u0161li bychom o \u0159adu zaj\u00edmav\u00fdch z\u00e1\u017eitk\u016f p\u0159i ve\u010dern\u00edch proch\u00e1zk\u00e1ch \u010cesk\u00fdm Krumlovem, Loktem nad...","datePublished":"2019-09-13","dateModified":"2024-04-26","author":{"@type":"Person","@id":"https:\/\/www.realfa.cz\/author\/#Person","name":"","url":"https:\/\/www.realfa.cz\/author\/","identifier":1,"image":{"@type":"ImageObject","@id":"https:\/\/secure.gravatar.com\/avatar\/014a645f9f16d49aceddb25e316448c724bd78e7db0ee7a34c29417d5ca39ef1?s=96&d=mm&r=g","url":"https:\/\/secure.gravatar.com\/avatar\/014a645f9f16d49aceddb25e316448c724bd78e7db0ee7a34c29417d5ca39ef1?s=96&d=mm&r=g","height":96,"width":96}},"publisher":{"@type":"Organization","name":"realfa.cz","logo":{"@type":"ImageObject","@id":"\/logo.png","url":"\/logo.png","width":600,"height":60}},"image":{"@type":"ImageObject","@id":"https:\/\/www.realfa.cz\/wp-content\/uploads\/img_a346615_w1743_t1560938116.jpg","url":"https:\/\/www.realfa.cz\/wp-content\/uploads\/img_a346615_w1743_t1560938116.jpg","height":0,"width":0},"url":"https:\/\/www.realfa.cz\/proc-nam-vyhovuje-barva-osvetleni-budov-sodikovymi-vybojkami\/","about":["Produkty"],"wordCount":466,"articleBody":"         Pouli\u010dn\u00ed osv\u011btlen\u00ed historick\u00fdch center m\u011bstsk\u00fdch pam\u00e1tkov\u00fdch rezervac\u00ed m\u00e1 sv\u00e9 osobit\u00e9 kouzlo, na n\u011b\u017e jsme si v pr\u016fb\u011bhu des\u00edtek let ji\u017e zvykli a pova\u017eujeme jej za p\u0159irozenou sou\u010d\u00e1st m\u011bstsk\u00e9ho koloritu. Mnoz\u00ed z n\u00e1s si ov\u0161em neuv\u011bdomuj\u00ed, \u017ee pr\u00e1v\u011b typick\u00fd, p\u0159\u00edjemn\u00fd tepl\u00fd odst\u00edn barvy b\u00edl\u00e9ho sv\u011btla vyza\u0159uje mnohdy \u010dasto opom\u00edjen\u00e1 nebo kritizovan\u00e1 sod\u00edkov\u00e1 v\u00fdbojka . Neb\u00fdt tohoto podstatn\u00e9ho prvku, p\u0159i\u0161li bychom o \u0159adu zaj\u00edmav\u00fdch z\u00e1\u017eitk\u016f p\u0159i ve\u010dern\u00edch proch\u00e1zk\u00e1ch \u010cesk\u00fdm Krumlovem, Loktem nad Oh\u0159\u00ed, Pra\u017esk\u00fdm hradem a mnoha dal\u0161\u00edmi historick\u00fdmi skvosty.  Um\u011bleck\u00e1 fotografie \u2013 velice p\u016fsobiv\u00e9 jsou um\u011bleck\u00e9 fotografie po\u0159\u00edzen\u00e9 pomoc\u00ed stativu, vysok\u00e9 hloubky ostrosti a dlouh\u00e9ho expozi\u010dn\u00edho \u010dasu. V\u00fdsledn\u00e9ho efektu lze doc\u00edlit pouze p\u0159i dostate\u010dn\u011b nasv\u011btlen\u00fdch fas\u00e1d\u00e1ch, co\u017e vynik\u00e1 zejm\u00e9na u renesan\u010dn\u00edch budov. Sod\u00edkov\u00e1 v\u00fdbojka dok\u00e1\u017ee t\u00edmto zp\u016fsobem vytvo\u0159it velmi p\u0159\u00e1telskou a v\u0159elou atmosf\u00e9ru. Mal\u00ed\u0159sk\u00e1 d\u00edla \u2013 podobn\u011b jako fotografov\u00e9, i mal\u00ed\u0159i ve sv\u00fdch invenc\u00edch vyu\u017e\u00edvaj\u00ed um\u011bl\u00e9ho osv\u011btlen\u00ed, kter\u00e9 by nemohlo b\u00fdt dostate\u010dn\u011b atraktivn\u00ed, jestli\u017ee bychom fas\u00e1dy nasv\u00edtili chladnou namodralou barvou LED diodov\u00fdch reflektor\u016f. Pr\u00e1v\u011b kombinace tepl\u00fdch barevn\u00fdch odst\u00edn\u016f spolu s tmav\u011b modr\u00fdm a \u010dern\u00fdm pozad\u00edm no\u010dn\u00ed temnoty vytv\u00e1\u0159\u00ed jedine\u010dn\u00fd n\u00e1hled.  Zdravotn\u00ed hlediska \u2013 ve\u010dern\u00ed proch\u00e1zky m\u011bstem navozuj\u00ed v na\u0161em t\u011ble pocit uvoln\u011bn\u00ed vzhledem k tomu, \u017ee se za\u010d\u00edn\u00e1 tvo\u0159it hormon melatonin, kter\u00fd organismus postupn\u011b p\u0159iv\u00e1d\u00ed do f\u00e1ze odpo\u010dinku. Je zn\u00e1mo, \u017ee ve\u0159ejn\u00e9 osv\u011btlen\u00ed s p\u0159\u00edli\u0161 studen\u00fdm sv\u011btlem podporuje hyperaktivitu, zp\u016fsobuje probl\u00e9my se sp\u00e1nkem, nedostate\u010dnou regeneraci a mnoho dal\u0161\u00edch zdravotn\u00edch probl\u00e9m\u016f. Pocit bezpe\u010d\u00ed \u2013 tepl\u00e9 barvy obecn\u011b vytv\u00e1\u0159\u00ed pocit bezpe\u010d\u00ed, nec\u00edt\u00edme se st\u00edsn\u011bn\u011b, ani osamoceni a opu\u0161t\u011bni mezi chladn\u00fdmi kamenn\u00fdmi zdmi historick\u00fdch objekt\u016f. Klid a relaxace \u2013 zvl\u00e1\u0161t\u011b na dovolen\u00e9 nebo ve chv\u00edl\u00edch volna, kdy obdivujeme kr\u00e1sy m\u011bstsk\u00fdch ulic a zaj\u00edmav\u00e9 klenoty z doby gotiky, renesance, baroka, klasicismu, secese a dal\u0161\u00edch obdob\u00ed lidsk\u00fdch d\u011bjin, ocen\u00edme poklidnou ve\u010dern\u00ed atmosf\u00e9ru, kter\u00e1 zvl\u00e1\u0161t\u011b vynik\u00e1 v kombinaci s parkovou zelen\u00ed nebo v l\u00e1ze\u0148sk\u00fdch z\u00f3n\u00e1ch. Vhodn\u00e9 osv\u011btlen\u00ed je tak\u00e9 sou\u010d\u00e1st\u00ed l\u00e9\u010debn\u00e9 terapie, \u010deho\u017e se b\u011b\u017en\u011b vyu\u017e\u00edv\u00e1 na kolon\u00e1d\u00e1ch, v bl\u00edzkosti font\u00e1n, kv\u011btinov\u00fdch z\u00e1hon\u016f atd.                                                                                                                                                                                                                                                                                                                                                                                          3.8\/5 - (11 votes)        "},{"@context":"https:\/\/schema.org\/","@type":"BreadcrumbList","itemListElement":[{"@type":"ListItem","position":1,"name":"Pro\u010d n\u00e1m vyhovuje barva osv\u011btlen\u00ed budov sod\u00edkov\u00fdmi v\u00fdbojkami","item":"https:\/\/www.realfa.cz\/proc-nam-vyhovuje-barva-osvetleni-budov-sodikovymi-vybojkami\/#breadcrumbitem"}]}]