{"@context":"https:\/\/schema.org\/","@type":"CollectionPage","@id":"https:\/\/www.realfa.cz\/produkty\/#CollectionPage","headline":"Produkty Category","description":"","url":"https:\/\/www.realfa.cz\/produkty\/","hasPart":[{"@type":"Article","@id":"https:\/\/www.realfa.cz\/rostlinne-klicky-lze-vypestovat-v-sadach-na-kliceni-nebo-v-klicicich-miskach\/","headline":"Rostlinn\u00e9 kl\u00ed\u010dky lze vyp\u011bstovat v sad\u00e1ch na kl\u00ed\u010den\u00ed nebo v kl\u00ed\u010d\u00edc\u00edch misk\u00e1ch","url":"https:\/\/www.realfa.cz\/rostlinne-klicky-lze-vypestovat-v-sadach-na-kliceni-nebo-v-klicicich-miskach\/","datePublished":"2018-05-17","dateModified":"2023-11-10","mainEntityOfPage":"https:\/\/www.realfa.cz\/rostlinne-klicky-lze-vypestovat-v-sadach-na-kliceni-nebo-v-klicicich-miskach\/","author":{"@type":"Person","@id":"https:\/\/www.realfa.cz\/author\/#Person","name":"","url":"https:\/\/www.realfa.cz\/author\/","identifier":1,"image":{"@type":"ImageObject","@id":"https:\/\/secure.gravatar.com\/avatar\/014a645f9f16d49aceddb25e316448c724bd78e7db0ee7a34c29417d5ca39ef1?s=96&d=mm&r=g","url":"https:\/\/secure.gravatar.com\/avatar\/014a645f9f16d49aceddb25e316448c724bd78e7db0ee7a34c29417d5ca39ef1?s=96&d=mm&r=g","height":96,"width":96}},"publisher":{"@type":"Organization","name":"realfa.cz","logo":{"@type":"ImageObject","@id":"\/logo.png","url":"\/logo.png","width":600,"height":60}},"image":{"@type":"ImageObject","@id":"https:\/\/www.realfa.cz\/wp-content\/uploads\/img_a317453_w1775_t1528185310.jpg","url":"https:\/\/www.realfa.cz\/wp-content\/uploads\/img_a317453_w1775_t1528185310.jpg","height":0,"width":0},"keywords":null},{"@type":"Article","@id":"https:\/\/www.realfa.cz\/uzivejte-si-party-bez-obav-z-pocasi-i-uklidu\/","headline":"U\u017e\u00edvejte si party bez obav z po\u010das\u00ed i \u00faklidu","url":"https:\/\/www.realfa.cz\/uzivejte-si-party-bez-obav-z-pocasi-i-uklidu\/","datePublished":"2018-03-09","dateModified":"2023-05-22","mainEntityOfPage":"https:\/\/www.realfa.cz\/uzivejte-si-party-bez-obav-z-pocasi-i-uklidu\/","author":{"@type":"Person","@id":"https:\/\/www.realfa.cz\/author\/#Person","name":"","url":"https:\/\/www.realfa.cz\/author\/","identifier":1,"image":{"@type":"ImageObject","@id":"https:\/\/secure.gravatar.com\/avatar\/014a645f9f16d49aceddb25e316448c724bd78e7db0ee7a34c29417d5ca39ef1?s=96&d=mm&r=g","url":"https:\/\/secure.gravatar.com\/avatar\/014a645f9f16d49aceddb25e316448c724bd78e7db0ee7a34c29417d5ca39ef1?s=96&d=mm&r=g","height":96,"width":96}},"publisher":{"@type":"Organization","name":"realfa.cz","logo":{"@type":"ImageObject","@id":"\/logo.png","url":"\/logo.png","width":600,"height":60}},"image":{"@type":"ImageObject","@id":"https:\/\/www.realfa.cz\/wp-content\/uploads\/img_a312658_w2240_t1523439981.jpg","url":"https:\/\/www.realfa.cz\/wp-content\/uploads\/img_a312658_w2240_t1523439981.jpg","height":0,"width":0},"keywords":null},{"@type":"Article","@id":"https:\/\/www.realfa.cz\/zarovky-osram-nightbraker-jsou-zarukou-kvality\/","headline":"\u017d\u00e1rovky osram nightbraker jsou z\u00e1rukou kvality","url":"https:\/\/www.realfa.cz\/zarovky-osram-nightbraker-jsou-zarukou-kvality\/","datePublished":"2017-04-23","dateModified":"2023-05-22","mainEntityOfPage":"https:\/\/www.realfa.cz\/zarovky-osram-nightbraker-jsou-zarukou-kvality\/","author":{"@type":"Person","@id":"https:\/\/www.realfa.cz\/author\/#Person","name":"","url":"https:\/\/www.realfa.cz\/author\/","identifier":1,"image":{"@type":"ImageObject","@id":"https:\/\/secure.gravatar.com\/avatar\/014a645f9f16d49aceddb25e316448c724bd78e7db0ee7a34c29417d5ca39ef1?s=96&d=mm&r=g","url":"https:\/\/secure.gravatar.com\/avatar\/014a645f9f16d49aceddb25e316448c724bd78e7db0ee7a34c29417d5ca39ef1?s=96&d=mm&r=g","height":96,"width":96}},"publisher":{"@type":"Organization","name":"realfa.cz","logo":{"@type":"ImageObject","@id":"\/logo.png","url":"\/logo.png","width":600,"height":60}},"image":{"@type":"ImageObject","@id":"https:\/\/www.realfa.cz\/wp-content\/uploads\/img_a287759_w2153_t1498323496.jpg","url":"https:\/\/www.realfa.cz\/wp-content\/uploads\/img_a287759_w2153_t1498323496.jpg","height":0,"width":0},"keywords":null}]}