[{"@context":"https:\/\/schema.org\/","@type":"Article","@id":"https:\/\/www.realfa.cz\/take-uvazujete-o-montazi-klimatizace-do-bytu-v-praze\/#Article","mainEntityOfPage":"https:\/\/www.realfa.cz\/take-uvazujete-o-montazi-klimatizace-do-bytu-v-praze\/","headline":"Tak\u00e9 uva\u017eujete o mont\u00e1\u017ei klimatizace do bytu v Praze","name":"Tak\u00e9 uva\u017eujete o mont\u00e1\u017ei klimatizace do bytu v Praze","description":"\u010c\u00edm se vyzna\u010duje Praha Praha m\u00e1 podstatnou v\u00fdhodu v\u016f\u010di n\u011bkter\u00fdm velkom\u011bst\u016fm v tom, \u017ee je velmi \u010dlenit\u00e1 a zauj\u00edm\u00e1 alespo\u0148 z\u010d\u00e1sti prostor v kopcovit\u00e9m ter\u00e9nu. Je obklopena \u010di dopln\u011bna \u0159adou park\u016f a mno\u017estv\u00edm zelen\u011b, kter\u00e1 zlep\u0161uje kvalitu \u017eivota Pra\u017ean\u016f. Je to v\u0161ak st\u00e1le m\u011bsto, kde p\u0159eva\u017euje z\u00e1stavba a silni\u010dn\u00ed \u010di \u017eelezni\u010dn\u00ed komunikace, a to v\u0161e se prom\u00edt\u00e1 do ka\u017edodenn\u00edch situac\u00ed. Praha v l\u00e9t\u011b \u2013 ude\u0159\u00ed-li vlna veder, je pobyt ve...","datePublished":"2022-03-31","dateModified":"2023-05-22","author":{"@type":"Person","@id":"https:\/\/www.realfa.cz\/author\/#Person","name":"","url":"https:\/\/www.realfa.cz\/author\/","identifier":1,"image":{"@type":"ImageObject","@id":"https:\/\/secure.gravatar.com\/avatar\/014a645f9f16d49aceddb25e316448c724bd78e7db0ee7a34c29417d5ca39ef1?s=96&d=mm&r=g","url":"https:\/\/secure.gravatar.com\/avatar\/014a645f9f16d49aceddb25e316448c724bd78e7db0ee7a34c29417d5ca39ef1?s=96&d=mm&r=g","height":96,"width":96}},"publisher":{"@type":"Organization","name":"realfa.cz","logo":{"@type":"ImageObject","@id":"\/logo.png","url":"\/logo.png","width":600,"height":60}},"image":{"@type":"ImageObject","@id":"https:\/\/www.realfa.cz\/wp-content\/uploads\/condenser-unit-6605975_640.jpg","url":"https:\/\/www.realfa.cz\/wp-content\/uploads\/condenser-unit-6605975_640.jpg","height":0,"width":0},"url":"https:\/\/www.realfa.cz\/take-uvazujete-o-montazi-klimatizace-do-bytu-v-praze\/","about":["Business"],"wordCount":421,"articleBody":"   \u010c\u00edm se vyzna\u010duje PrahaPraha m\u00e1 podstatnou v\u00fdhodu v\u016f\u010di n\u011bkter\u00fdm velkom\u011bst\u016fm v tom, \u017ee je velmi \u010dlenit\u00e1 a zauj\u00edm\u00e1 alespo\u0148 z\u010d\u00e1sti prostor v kopcovit\u00e9m ter\u00e9nu. Je obklopena \u010di dopln\u011bna \u0159adou park\u016f a mno\u017estv\u00edm zelen\u011b, kter\u00e1 zlep\u0161uje kvalitu \u017eivota Pra\u017ean\u016f. Je to v\u0161ak st\u00e1le m\u011bsto, kde p\u0159eva\u017euje z\u00e1stavba a silni\u010dn\u00ed \u010di \u017eelezni\u010dn\u00ed komunikace, a to v\u0161e se prom\u00edt\u00e1 do ka\u017edodenn\u00edch situac\u00ed.Praha v l\u00e9t\u011b \u2013 ude\u0159\u00ed-li vlna veder, je pobyt ve m\u011bst\u011b sp\u00ed\u0161e za trest. M\u011bstsk\u00e1 zele\u0148 sice \u010d\u00e1st hork\u00e9ho vzduchu absorbuje a vzduch ochlad\u00ed, ale zdivo budov se natolik sluncem zah\u0159eje, \u017ee vyd\u00e1v\u00e1 s\u00e1lav\u00e9 teplo i v dob\u011b, kdy u\u017e je slunce za obzorem, a vedro pokra\u010duje i nave\u010der \u010di v noci.Ka\u017ed\u00fd v\u0161ak nem\u00e1 tu mo\u017enost v t\u00e9to dob\u011b m\u011bsto opustit, tr\u00e1vit voln\u00fd \u010das na chalup\u011b v les\u00edch nebo na b\u0159ez\u00edch Lu\u017enice na jihu \u010cech, mnoho lid\u00ed tu pracuje a mus\u00ed vedru \u010delit ve dne v noci, den co den. Co s t\u00edm?Jist\u011b v\u00e1s napadne jako jedno z prvn\u00edch \u0159e\u0161en\u00ed mont\u00e1\u017e klimatizace do bytu v Praze. M\u00e1te dv\u011b mo\u017enosti, tou prvn\u00ed je klimatizace p\u0159enosn\u00e1, s plastov\u00fdm v\u00fdfukem tepl\u00e9ho vzduchu, jej\u00ed\u017e v\u00fdkon je sice omezen\u00fd, ale pro men\u0161\u00ed m\u00edstnost, nap\u0159. lo\u017enici, to obvykle posta\u010d\u00ed. Probl\u00e9m je v\u0161ak ve dvou v\u011bcech \u2013 kompresor je p\u0159\u00edmo zabudov\u00e1n uvnit\u0159 jednotky a jeho hluk v\u00e1m ned\u00e1 sp\u00e1t, a to mo\u017en\u00e1 ani se \u0161punty v u\u0161\u00edch. Druh\u00fd probl\u00e9m je onen v\u00fdfuk, je to roura, kterou mus\u00edte n\u011bkam um\u00edstit, a nav\u00edc je roura za provozu natolik hork\u00e1, \u017ee zas oh\u0159\u00edv\u00e1 vzduch uvnit\u0159.V\u00fdhodn\u011bj\u0161\u00edm \u0159e\u0161en\u00edm je klimatizace splitov\u00e1, kter\u00e1 m\u00e1 pohonnou jednotku s kompresorem um\u00edst\u011bnou venku mimo budovu, a uvnit\u0159 v m\u00edstnosti je ticho a klid. Nav\u00edc samoz\u0159ejm\u011b vychlad\u00edte prostor cel\u00e9ho bytu, tak\u017ee odpad\u00e1 jak\u00e9koli poj\u00ed\u017ed\u011bn\u00ed s p\u0159enosnou klimatizac\u00ed a st\u011bhov\u00e1n\u00ed z m\u00edsta na m\u00edsto. Ceny splitov\u00fdch klimatizac\u00ed ji\u017e nejsou takovou p\u0159ek\u00e1\u017ekou, zvl\u00e1\u0161t\u011b pro obyvatele Prahy, jak tomu bylo d\u0159\u00edve, kdy byla tato za\u0159\u00edzen\u00ed dostupn\u00e1 zejm\u00e9na pro velk\u00e9 firmy a podniky.                                                                                                                                                                                                                                                                                                                                                                                          3.9\/5 - (11 votes)        "},{"@context":"https:\/\/schema.org\/","@type":"BreadcrumbList","itemListElement":[{"@type":"ListItem","position":1,"name":"Tak\u00e9 uva\u017eujete o mont\u00e1\u017ei klimatizace do bytu v Praze","item":"https:\/\/www.realfa.cz\/take-uvazujete-o-montazi-klimatizace-do-bytu-v-praze\/#breadcrumbitem"}]}]