[{"@context":"https:\/\/schema.org\/","@type":"Article","@id":"https:\/\/www.realfa.cz\/vanocni-stromek-na-zahrade\/#Article","mainEntityOfPage":"https:\/\/www.realfa.cz\/vanocni-stromek-na-zahrade\/","headline":"V\u00e1no\u010dn\u00ed stromek na zahrad\u011b","name":"V\u00e1no\u010dn\u00ed stromek na zahrad\u011b","description":"V zimn\u00edch m\u011bs\u00edc\u00edch ur\u010dit\u011b bilancujete, co v\u0161e jste za cel\u00fd rok na zahrad\u011b zvl\u00e1dli, co v\u0161e se v\u00e1m vyda\u0159ilo a t\u00e9\u017e p\u0159em\u00fd\u0161l\u00edte, pro\u010d se t\u0159eba letos neda\u0159ilo raj\u010dat\u016fm. A pro\u010d r\u016f\u017ee napadla \u010dern\u00e1 skvrnitost. V zim\u011b m\u00e1te \u010das si prostudovat odbornou literaturu k dan\u00e9mu t\u00e9matu. A pokud nemrzne a n\u011bjakou pr\u00e1ci okolo domu nebo na zahrad\u011b jste nestihli, tak ji dokon\u010d\u00edte.&#13; &#13; Na co by jste nem\u011bli zapomenout:&#13; &#13; \u00b7...","datePublished":"2023-05-22","dateModified":"2023-05-22","author":{"@type":"Person","@id":"https:\/\/www.realfa.cz\/author\/#Person","name":"","url":"https:\/\/www.realfa.cz\/author\/","identifier":1,"image":{"@type":"ImageObject","@id":"https:\/\/secure.gravatar.com\/avatar\/014a645f9f16d49aceddb25e316448c724bd78e7db0ee7a34c29417d5ca39ef1?s=96&d=mm&r=g","url":"https:\/\/secure.gravatar.com\/avatar\/014a645f9f16d49aceddb25e316448c724bd78e7db0ee7a34c29417d5ca39ef1?s=96&d=mm&r=g","height":96,"width":96}},"publisher":{"@type":"Organization","name":"realfa.cz","logo":{"@type":"ImageObject","@id":"\/logo.png","url":"\/logo.png","width":600,"height":60}},"url":"https:\/\/www.realfa.cz\/vanocni-stromek-na-zahrade\/","wordCount":476,"articleBody":"V zimn\u00edch m\u011bs\u00edc\u00edch ur\u010dit\u011b bilancujete, co v\u0161e jste za cel\u00fd rok na zahrad\u011b zvl\u00e1dli, co v\u0161e se v\u00e1m vyda\u0159ilo a t\u00e9\u017e p\u0159em\u00fd\u0161l\u00edte, pro\u010d se t\u0159eba letos neda\u0159ilo raj\u010dat\u016fm. A pro\u010d r\u016f\u017ee napadla \u010dern\u00e1 skvrnitost. V zim\u011b m\u00e1te \u010das si prostudovat odbornou literaturu k dan\u00e9mu t\u00e9matu. A pokud nemrzne a n\u011bjakou pr\u00e1ci okolo domu nebo na zahrad\u011b jste nestihli, tak ji dokon\u010d\u00edte.&#13; &#13; Na co by jste nem\u011bli zapomenout:&#13; &#13; \u00b7 Pokud jste nesta\u010dili vysadit (kv\u016fli zamrzl\u00e9 p\u016fd\u011b) mlad\u00e9 stromky, nevad\u00ed. Vysad\u00edte je na ja\u0159e.&#13; &#13; \u00b7 Ze sadu odstra\u0148te v\u0161echny such\u00e9 v\u011btve a nemocn\u00e9 stromy.&#13; &#13; \u00b7 Ulo\u017ete si v\u0161echny chemick\u00e9 p\u0159\u00edpravky na ochranu rostlin do chladn\u00e9 a tmav\u0161\u00ed m\u00edstnosti, kde nemrzne. T\u00edm se nebude sni\u017eovat jejich \u00fa\u010dinnost.&#13; &#13; \u00b7 D\u016fkladn\u00e9 o\u010di\u0161t\u011bn\u00e9 zahradn\u00ed n\u00e1\u0159ad\u00ed nakonzervujte a odlo\u017ete.&#13; &#13; \u00b7 V sadech se sna\u017ete hubit hrabo\u0161e a my\u0161i. Ve sklep\u011b, kde m\u00e1te uskladn\u011bn\u00e9 ovoce, nastra\u017ete pasti\u010dky na my\u0161i.&#13; &#13; \u00b7 Pravideln\u011b kontrolujte uskladn\u011bn\u00e9 ovoce, vyb\u00edrejte a hned vyhazujte nahnil\u00e9 plody. M\u00e9n\u011b kvalitn\u00ed, ale zdrav\u00e9 ovoce pou\u017eijte na kompoty nebo je usu\u0161te. Nezapome\u0148te, \u017ee v t\u011bchto skladovac\u00edch prostor\u00e1ch mus\u00ed b\u00fdt dostate\u010dn\u011b vlhko. A pokud nemrzne, tak tyto prostory v\u011btr\u00e1me, aby se tam dostal \u010derstv\u00fd a chladn\u00fd vzduch. &#13; &#13; \u00b7 Pokud m\u00e1te zahradu s ovocn\u00fdmi stromy, prostudujte si v odborn\u00e9 literatu\u0159e, jak\u00e1 pot\u0159ebn\u00e1 hnojiva budete pot\u0159ebovat pro dal\u0161\u00ed sez\u00f3nu, kupte si je a odlo\u017ete.&#13; &#13; \u00b7 Pokud m\u00e1te p\u0159ipraven\u00e9 rouby v zemi, nezapome\u0148te je podle mo\u017enosti zahrnovat silnou vrstvou sn\u011bhu, kter\u00fd zm\u00edr\u0148uje teplotn\u00ed v\u00fdkyvy v zakl\u00e1dce. Na ja\u0159e budete moci rouby pou\u017e\u00edt k p\u0159e\u0161t\u011bpov\u00e1n\u00ed.&#13; &#13; Pr\u016fvodn\u00edm jevem bl\u00ed\u017e\u00edc\u00edch se V\u00e1noc jsou slavnostn\u011b vyzdoben\u00e1 a osv\u011btlen\u00e1 obydl\u00ed, v\u00fdlohy, n\u00e1m\u011bst\u00ed s v\u00e1no\u010dn\u00edmi stromy. Pokud m\u00e1te u sv\u00e9ho domu zahradu a m\u00e1te v n\u00ed jehli\u010dnat\u00fd stromek, byl to dobr\u00fd n\u00e1pad u\u017e p\u0159i zakl\u00e1d\u00e1n\u00ed zahrady &#8211; sv\u016fj vysn\u011bn\u00fd v\u00e1no\u010dn\u00ed stromek m\u00edt st\u00e1le. Na V\u00e1noce si ho kr\u00e1sn\u011b ozdobte \u010derven\u00fdmi jabl\u00ed\u010dky a usu\u0161en\u00fdmi pl\u00e1tky\u010derven\u00e9ho grapefruitu.&#13; &#13; Pokud napadne sn\u00edh, o to bude stromek kr\u00e1sn\u011bj\u0161\u00ed.&#13; Kdy\u017e na zahrad\u011b v\u00e1no\u010dn\u00ed stromek nem\u00e1te, nevad\u00ed. U\u017e je to del\u0161\u00ed doba, co se ujalo p\u011bstov\u00e1n\u00ed v\u00e1no\u010dn\u00edch stromk\u016f ve velk\u00fdch n\u00e1dob\u00e1ch. M\u00e1te t\u00edmto mo\u017enost si stromek p\u011bstovat jak v zahrad\u011b, tak na terase nebo na balk\u00f3n\u011b. &#13;                                                                                                                                                                                                                                                                                                                                                                                         4.3\/5 - (7 votes)        "},{"@context":"https:\/\/schema.org\/","@type":"BreadcrumbList","itemListElement":[{"@type":"ListItem","position":1,"name":"V\u00e1no\u010dn\u00ed stromek na zahrad\u011b","item":"https:\/\/www.realfa.cz\/vanocni-stromek-na-zahrade\/#breadcrumbitem"}]}]