[{"@context":"https:\/\/schema.org\/","@type":"Article","@id":"https:\/\/www.realfa.cz\/vyberte-si-do-sveho-interieru-lakovana-dvirka\/#Article","mainEntityOfPage":"https:\/\/www.realfa.cz\/vyberte-si-do-sveho-interieru-lakovana-dvirka\/","headline":"Vyberte si do sv\u00e9ho interi\u00e9ru lakovan\u00e1 dv\u00ed\u0159ka","name":"Vyberte si do sv\u00e9ho interi\u00e9ru lakovan\u00e1 dv\u00ed\u0159ka","description":"Firma Luceo s.r.o. se zam\u011b\u0159uje na prodej n\u00e1bytkov\u00fdch polotovar\u016f, nap\u0159\u00edklad kuchy\u0148sk\u00e1, ale p\u0159itom klademe obrovsk\u00fd d\u016fraz na p\u00e9\u010di o na\u0161e z\u00e1kazn\u00edky. Budujeme s nimi vz\u00e1jemn\u00e9 vztahy a jsme tu pro n\u011b online. Chcete se s n\u00e1mi domluvit a nechcete n\u00e1m volat? Nen\u00ed probl\u00e9m, my v\u00e1m zavol\u00e1me sami. \u017d\u00e1d\u00e1te opravdu modern\u00ed dv\u00ed\u0159ka nap\u0159\u00edklad do va\u0161\u00ed kuchyn\u011b? Tak v tom p\u0159\u00edpad\u011b pro v\u00e1s m\u00e1me zcela skv\u011bl\u00e9 \u0159e\u0161en\u00ed. Lakovan\u00e1 dv\u00ed\u0159ka, kter\u00e1 p\u016fsob\u00ed zcela...","datePublished":"2024-12-22","dateModified":"2024-12-22","author":{"@type":"Person","@id":"https:\/\/www.realfa.cz\/author\/#Person","name":"","url":"https:\/\/www.realfa.cz\/author\/","identifier":1,"image":{"@type":"ImageObject","@id":"https:\/\/secure.gravatar.com\/avatar\/014a645f9f16d49aceddb25e316448c724bd78e7db0ee7a34c29417d5ca39ef1?s=96&d=mm&r=g","url":"https:\/\/secure.gravatar.com\/avatar\/014a645f9f16d49aceddb25e316448c724bd78e7db0ee7a34c29417d5ca39ef1?s=96&d=mm&r=g","height":96,"width":96}},"publisher":{"@type":"Organization","name":"realfa.cz","logo":{"@type":"ImageObject","@id":"\/logo.png","url":"\/logo.png","width":600,"height":60}},"url":"https:\/\/www.realfa.cz\/vyberte-si-do-sveho-interieru-lakovana-dvirka\/","wordCount":178,"articleBody":"Firma Luceo s.r.o. se zam\u011b\u0159uje na prodej n\u00e1bytkov\u00fdch polotovar\u016f, nap\u0159\u00edklad kuchy\u0148sk\u00e1, ale p\u0159itom klademe obrovsk\u00fd d\u016fraz na p\u00e9\u010di o na\u0161e z\u00e1kazn\u00edky. Budujeme s nimi vz\u00e1jemn\u00e9 vztahy a jsme tu pro n\u011b online. Chcete se s n\u00e1mi domluvit a nechcete n\u00e1m volat? Nen\u00ed probl\u00e9m, my v\u00e1m zavol\u00e1me sami. \u017d\u00e1d\u00e1te opravdu modern\u00ed dv\u00ed\u0159ka nap\u0159\u00edklad do va\u0161\u00ed kuchyn\u011b? Tak v tom p\u0159\u00edpad\u011b pro v\u00e1s m\u00e1me zcela skv\u011bl\u00e9 \u0159e\u0161en\u00ed. Lakovan\u00e1 dv\u00ed\u0159ka, kter\u00e1 p\u016fsob\u00ed zcela dokonale modern\u00edm dojmem a jsou i praktick\u00fdm \u0159e\u0161en\u00ed, d\u00edky nelepen\u00fdm hran\u00e1m a vysok\u00e9 tvrdosti. Dop\u0159ejte si to nejlep\u0161\u00ed mo\u017en\u00e9 \u0159e\u0161en\u00ed za velmi p\u0159ijateln\u00e9 ceny. Video n\u00e1vod Na na\u0161ich webov\u00fdch str\u00e1nk\u00e1ch najdete odkaz na video, kter\u00e9 je vynikaj\u00edc\u00edm pr\u016fvodcem pro n\u00e1kup na na\u0161em eshopu. Kupte si t\u0159eba dv\u00ed\u0159ka a pod\u00edvejte Pro se, jak na to.                                                                                                                                                                                                                                                                                                                                                                                        5\/5 - (3 votes)        "},{"@context":"https:\/\/schema.org\/","@type":"BreadcrumbList","itemListElement":[{"@type":"ListItem","position":1,"name":"Vyberte si do sv\u00e9ho interi\u00e9ru lakovan\u00e1 dv\u00ed\u0159ka","item":"https:\/\/www.realfa.cz\/vyberte-si-do-sveho-interieru-lakovana-dvirka\/#breadcrumbitem"}]}]